{"id":158,"date":"2021-01-21T15:49:34","date_gmt":"2021-01-21T15:49:34","guid":{"rendered":"https:\/\/viktoriabalon.net\/?p=158"},"modified":"2025-10-21T15:15:50","modified_gmt":"2025-10-21T15:15:50","slug":"aufbruch-und-rueckkehr-bulgarien-15-jahre-nach-dem-eu-beitritt","status":"publish","type":"post","link":"https:\/\/viktoriabalon.net\/?p=158","title":{"rendered":"Aufbruch und R\u00fcckkehr \u2013 Bulgarien 15 Jahre nach dem EU-Beitritt"},"content":{"rendered":"\n<p>Seit 15 Jahren ist Bulgarien Mitglied der Europ\u00e4ischen Union. Viktoria Balon schildert, wie die Menschen dort heute zur EU stehen, wie sie ihr Land sehen und was sich f\u00fcr sie ver\u00e4ndert hat<\/p>\n\n\n\n<p><\/p>\n\n\n\n<!--more-->\n\n\n\n<p><a href=\"https:\/\/avdlswr-a.akamaihd.net\/swr\/swr2\/leben-und-gesellschaft\/podcast-leben\/swr2-leben-20220103-1505-aufbruch-und-rueckkehr-bulgarien-15-jahre-nach-dem-eu-beitritt.l.mp3\" data-type=\"URL\" data-id=\"https:\/\/avdlswr-a.akamaihd.net\/swr\/swr2\/leben-und-gesellschaft\/podcast-leben\/swr2-leben-20220103-1505-aufbruch-und-rueckkehr-bulgarien-15-jahre-nach-dem-eu-beitritt.l.mp3\">AUDIO-<\/a><a href=\"https:\/\/avdlswr-a.akamaihd.net\/swr\/swr2\/leben-und-gesellschaft\/podcast-leben\/swr2-leben-20220103-1505-aufbruch-und-rueckkehr-bulgarien-15-jahre-nach-dem-eu-beitritt.l.mp3\" data-type=\"URL\" data-id=\"https:\/\/avdlswr-a.akamaihd.net\/swr\/swr2\/leben-und-gesellschaft\/podcast-leben\/swr2-leben-20220103-1505-aufbruch-und-rueckkehr-bulgarien-15-jahre-nach-dem-eu-beitritt.l.mp3\" target=\"_blank\" rel=\"noreferrer noopener\">LINK<\/a><\/p>\n\n\n\n<p><a href=\"https:\/\/www.swr.de\/swr2\/leben-und-gesellschaft\/aufbruch-und-rueckkehr-bulgarien-15-jahre-nach-dem-eu-beitritt-100~_refTime-1641222600_-69db078d2ff82fb0b004c971f62920b5d10a4d09.html\" data-type=\"URL\" data-id=\"https:\/\/www.swr.de\/swr2\/leben-und-gesellschaft\/aufbruch-und-rueckkehr-bulgarien-15-jahre-nach-dem-eu-beitritt-100~_refTime-1641222600_-69db078d2ff82fb0b004c971f62920b5d10a4d09.html\" target=\"_blank\" rel=\"noreferrer noopener\">SWR.de<\/a><\/p>\n","protected":false},"excerpt":{"rendered":"<p>Seit 15 Jahren ist Bulgarien Mitglied der Europ\u00e4ischen Union. Viktoria Balon schildert, wie die Menschen dort heute zur EU stehen, wie sie ihr Land sehen und was sich f\u00fcr sie ver\u00e4ndert hat<\/p>\n","protected":false},"author":1,"featured_media":0,"comment_status":"open","ping_status":"open","sticky":false,"template":"","format":"standard","meta":{"footnotes":""},"categories":[2],"tags":[],"class_list":["post-158","post","type-post","status-publish","format-standard","hentry","category-features"],"_links":{"self":[{"href":"https:\/\/viktoriabalon.net\/index.php?rest_route=\/wp\/v2\/posts\/158","targetHints":{"allow":["GET"]}}],"collection":[{"href":"https:\/\/viktoriabalon.net\/index.php?rest_route=\/wp\/v2\/posts"}],"about":[{"href":"https:\/\/viktoriabalon.net\/index.php?rest_route=\/wp\/v2\/types\/post"}],"author":[{"embeddable":true,"href":"https:\/\/viktoriabalon.net\/index.php?rest_route=\/wp\/v2\/users\/1"}],"replies":[{"embeddable":true,"href":"https:\/\/viktoriabalon.net\/index.php?rest_route=%2Fwp%2Fv2%2Fcomments&post=158"}],"version-history":[{"count":8,"href":"https:\/\/viktoriabalon.net\/index.php?rest_route=\/wp\/v2\/posts\/158\/revisions"}],"predecessor-version":[{"id":176,"href":"https:\/\/viktoriabalon.net\/index.php?rest_route=\/wp\/v2\/posts\/158\/revisions\/176"}],"wp:attachment":[{"href":"https:\/\/viktoriabalon.net\/index.php?rest_route=%2Fwp%2Fv2%2Fmedia&parent=158"}],"wp:term":[{"taxonomy":"category","embeddable":true,"href":"https:\/\/viktoriabalon.net\/index.php?rest_route=%2Fwp%2Fv2%2Fcategories&post=158"},{"taxonomy":"post_tag","embeddable":true,"href":"https:\/\/viktoriabalon.net\/index.php?rest_route=%2Fwp%2Fv2%2Ftags&post=158"}],"curies":[{"name":"wp","href":"https:\/\/api.w.org\/{rel}","templated":true}]}}